{"id":8369,"date":"2024-02-03T20:47:38","date_gmt":"2024-02-03T20:47:38","guid":{"rendered":"https:\/\/teamsters853.org\/los-delegados-de-teamsters-853-en-coca-cola-tienen-la-sarten-por-el-mango-con-la-reestructuracion-del-territorio-y-la-expiracion-del-contrato-este-verano\/"},"modified":"2024-02-05T18:05:50","modified_gmt":"2024-02-05T18:05:50","slug":"los-delegados-de-teamsters-853-en-coca-cola-tienen-la-sarten-por-el-mango-con-la-reestructuracion-del-territorio-y-la-expiracion-del-contrato-este-verano","status":"publish","type":"post","link":"https:\/\/teamsters853.org\/es\/los-delegados-de-teamsters-853-en-coca-cola-tienen-la-sarten-por-el-mango-con-la-reestructuracion-del-territorio-y-la-expiracion-del-contrato-este-verano\/","title":{"rendered":"Los delegados de Teamsters 853 en Coca-Cola tienen la sart\u00e9n por el mango con la reestructuraci\u00f3n del territorio y la expiraci\u00f3n del contrato este verano."},"content":{"rendered":"\n<p>Los delegados de Coca-Cola Jerry Trujillo y Jason Aguilar se sientan con miembros de los sindicatos 315 y 70 de Teamsters, junto con miembros de la direcci\u00f3n de la empresa, para discutir la reestructuraci\u00f3n de los territorios. Para colmo, esta reestructuraci\u00f3n se produce apenas unos meses antes de que expire el contrato de Coca-Cola para los conductores, comerciantes y trabajadores de almac\u00e9n.<\/p>\n\n<p>A Teamsters Local 853 le gustar\u00eda reconocer todo el duro trabajo que los delegados como Jerry y Jason hacen, no s\u00f3lo para proteger a sus compa\u00f1eros en el trabajo durante el d\u00eda a d\u00eda, sino tambi\u00e9n el considerable trabajo extracurricular de preparaci\u00f3n y negociaci\u00f3n de contratos y, en este caso, un cambio importante en el negocio en general en el \u00c1rea de la Bah\u00eda.  <\/p>\n\n<figure class=\"wp-block-image aligncenter size-full\"><img loading=\"lazy\" decoding=\"async\" width=\"640\" height=\"480\" src=\"https:\/\/teamsters853.org\/wp-content\/uploads\/2024\/02\/image002.jpg\" alt=\"\" class=\"wp-image-8365\" srcset=\"https:\/\/teamsters853.org\/wp-content\/uploads\/2024\/02\/image002.jpg 640w, https:\/\/teamsters853.org\/wp-content\/uploads\/2024\/02\/image002-300x225.jpg 300w\" sizes=\"auto, (max-width: 640px) 100vw, 640px\" \/><\/figure>\n","protected":false},"excerpt":{"rendered":"<p>Los delegados de Coca-Cola Jerry Trujillo y Jason Aguilar se sientan con miembros de los sindicatos 315 y 70 de Teamsters, junto con miembros de la direcci\u00f3n de la empresa, para discutir la reestructuraci\u00f3n de los territorios. Para colmo, esta reestructuraci\u00f3n se produce apenas unos meses antes de que expire el contrato de Coca-Cola para [&hellip;]<\/p>\n","protected":false},"author":2,"featured_media":8363,"comment_status":"closed","ping_status":"open","sticky":false,"template":"","format":"standard","meta":{"site-sidebar-layout":"default","site-content-layout":"","ast-site-content-layout":"default","site-content-style":"default","site-sidebar-style":"default","ast-global-header-display":"","ast-banner-title-visibility":"","ast-main-header-display":"","ast-hfb-above-header-display":"","ast-hfb-below-header-display":"","ast-hfb-mobile-header-display":"","site-post-title":"","ast-breadcrumbs-content":"","ast-featured-img":"","footer-sml-layout":"","ast-disable-related-posts":"","theme-transparent-header-meta":"","adv-header-id-meta":"","stick-header-meta":"","header-above-stick-meta":"","header-main-stick-meta":"","header-below-stick-meta":"","astra-migrate-meta-layouts":"default","ast-page-background-enabled":"default","ast-page-background-meta":{"desktop":{"background-color":"","background-image":"","background-repeat":"repeat","background-position":"center center","background-size":"auto","background-attachment":"scroll","background-type":"","background-media":"","overlay-type":"","overlay-color":"","overlay-opacity":"","overlay-gradient":""},"tablet":{"background-color":"","background-image":"","background-repeat":"repeat","background-position":"center center","background-size":"auto","background-attachment":"scroll","background-type":"","background-media":"","overlay-type":"","overlay-color":"","overlay-opacity":"","overlay-gradient":""},"mobile":{"background-color":"","background-image":"","background-repeat":"repeat","background-position":"center center","background-size":"auto","background-attachment":"scroll","background-type":"","background-media":"","overlay-type":"","overlay-color":"","overlay-opacity":"","overlay-gradient":""}},"ast-content-background-meta":{"desktop":{"background-color":"var(--ast-global-color-5)","background-image":"","background-repeat":"repeat","background-position":"center center","background-size":"auto","background-attachment":"scroll","background-type":"","background-media":"","overlay-type":"","overlay-color":"","overlay-opacity":"","overlay-gradient":""},"tablet":{"background-color":"var(--ast-global-color-5)","background-image":"","background-repeat":"repeat","background-position":"center center","background-size":"auto","background-attachment":"scroll","background-type":"","background-media":"","overlay-type":"","overlay-color":"","overlay-opacity":"","overlay-gradient":""},"mobile":{"background-color":"var(--ast-global-color-5)","background-image":"","background-repeat":"repeat","background-position":"center center","background-size":"auto","background-attachment":"scroll","background-type":"","background-media":"","overlay-type":"","overlay-color":"","overlay-opacity":"","overlay-gradient":""}},"footnotes":""},"categories":[115],"tags":[],"class_list":["post-8369","post","type-post","status-publish","format-standard","has-post-thumbnail","hentry","category-contratos"],"yoast_head":"<!-- This site is optimized with the Yoast SEO plugin v27.4 - https:\/\/yoast.com\/product\/yoast-seo-wordpress\/ -->\n<title>Los delegados de Teamsters 853 en Coca-Cola tienen la sart\u00e9n por el mango con la reestructuraci\u00f3n del territorio y la expiraci\u00f3n del contrato este verano. - Teamsters Local 853<\/title>\n<meta name=\"robots\" content=\"index, follow, max-snippet:-1, max-image-preview:large, max-video-preview:-1\" \/>\n<link rel=\"canonical\" href=\"https:\/\/teamsters853.org\/es\/los-delegados-de-teamsters-853-en-coca-cola-tienen-la-sarten-por-el-mango-con-la-reestructuracion-del-territorio-y-la-expiracion-del-contrato-este-verano\/\" \/>\n<meta property=\"og:locale\" content=\"es_ES\" \/>\n<meta property=\"og:type\" content=\"article\" \/>\n<meta property=\"og:title\" content=\"Los delegados de Teamsters 853 en Coca-Cola tienen la sart\u00e9n por el mango con la reestructuraci\u00f3n del territorio y la expiraci\u00f3n del contrato este verano. - Teamsters Local 853\" \/>\n<meta property=\"og:description\" content=\"Los delegados de Coca-Cola Jerry Trujillo y Jason Aguilar se sientan con miembros de los sindicatos 315 y 70 de Teamsters, junto con miembros de la direcci\u00f3n de la empresa, para discutir la reestructuraci\u00f3n de los territorios. Para colmo, esta reestructuraci\u00f3n se produce apenas unos meses antes de que expire el contrato de Coca-Cola para [&hellip;]\" \/>\n<meta property=\"og:url\" content=\"https:\/\/teamsters853.org\/es\/los-delegados-de-teamsters-853-en-coca-cola-tienen-la-sarten-por-el-mango-con-la-reestructuracion-del-territorio-y-la-expiracion-del-contrato-este-verano\/\" \/>\n<meta property=\"og:site_name\" content=\"Teamsters Local 853\" \/>\n<meta property=\"article:publisher\" content=\"https:\/\/www.facebook.com\/team853\/\" \/>\n<meta property=\"article:published_time\" content=\"2024-02-03T20:47:38+00:00\" \/>\n<meta property=\"article:modified_time\" content=\"2024-02-05T18:05:50+00:00\" \/>\n<meta property=\"og:image\" content=\"https:\/\/teamsters853.org\/wp-content\/uploads\/2024\/02\/Coca-Cola-Teamsters-853.jpg\" \/>\n\t<meta property=\"og:image:width\" content=\"792\" \/>\n\t<meta property=\"og:image:height\" content=\"442\" \/>\n\t<meta property=\"og:image:type\" content=\"image\/jpeg\" \/>\n<meta name=\"author\" content=\"Brian Fisher\" \/>\n<meta name=\"twitter:card\" content=\"summary_large_image\" \/>\n<meta name=\"twitter:label1\" content=\"Escrito por\" \/>\n\t<meta name=\"twitter:data1\" content=\"Brian Fisher\" \/>\n\t<meta name=\"twitter:label2\" content=\"Tiempo de lectura\" \/>\n\t<meta name=\"twitter:data2\" content=\"1 minuto\" \/>\n<script type=\"application\/ld+json\" class=\"yoast-schema-graph\">{\"@context\":\"https:\\\/\\\/schema.org\",\"@graph\":[{\"@type\":\"Article\",\"@id\":\"https:\\\/\\\/teamsters853.org\\\/es\\\/los-delegados-de-teamsters-853-en-coca-cola-tienen-la-sarten-por-el-mango-con-la-reestructuracion-del-territorio-y-la-expiracion-del-contrato-este-verano\\\/#article\",\"isPartOf\":{\"@id\":\"https:\\\/\\\/teamsters853.org\\\/es\\\/los-delegados-de-teamsters-853-en-coca-cola-tienen-la-sarten-por-el-mango-con-la-reestructuracion-del-territorio-y-la-expiracion-del-contrato-este-verano\\\/\"},\"author\":{\"name\":\"Brian Fisher\",\"@id\":\"https:\\\/\\\/teamsters853.org\\\/#\\\/schema\\\/person\\\/3b6e01d2ae58202a553b71d9acc88016\"},\"headline\":\"Los delegados de Teamsters 853 en Coca-Cola tienen la sart\u00e9n por el mango con la reestructuraci\u00f3n del territorio y la expiraci\u00f3n del contrato este verano.\",\"datePublished\":\"2024-02-03T20:47:38+00:00\",\"dateModified\":\"2024-02-05T18:05:50+00:00\",\"mainEntityOfPage\":{\"@id\":\"https:\\\/\\\/teamsters853.org\\\/es\\\/los-delegados-de-teamsters-853-en-coca-cola-tienen-la-sarten-por-el-mango-con-la-reestructuracion-del-territorio-y-la-expiracion-del-contrato-este-verano\\\/\"},\"wordCount\":163,\"publisher\":{\"@id\":\"https:\\\/\\\/teamsters853.org\\\/#organization\"},\"image\":{\"@id\":\"https:\\\/\\\/teamsters853.org\\\/es\\\/los-delegados-de-teamsters-853-en-coca-cola-tienen-la-sarten-por-el-mango-con-la-reestructuracion-del-territorio-y-la-expiracion-del-contrato-este-verano\\\/#primaryimage\"},\"thumbnailUrl\":\"https:\\\/\\\/teamsters853.org\\\/wp-content\\\/uploads\\\/2024\\\/02\\\/Coca-Cola-Teamsters-853.jpg\",\"articleSection\":[\"Contratos\"],\"inLanguage\":\"es\"},{\"@type\":\"WebPage\",\"@id\":\"https:\\\/\\\/teamsters853.org\\\/es\\\/los-delegados-de-teamsters-853-en-coca-cola-tienen-la-sarten-por-el-mango-con-la-reestructuracion-del-territorio-y-la-expiracion-del-contrato-este-verano\\\/\",\"url\":\"https:\\\/\\\/teamsters853.org\\\/es\\\/los-delegados-de-teamsters-853-en-coca-cola-tienen-la-sarten-por-el-mango-con-la-reestructuracion-del-territorio-y-la-expiracion-del-contrato-este-verano\\\/\",\"name\":\"Los delegados de Teamsters 853 en Coca-Cola tienen la sart\u00e9n por el mango con la reestructuraci\u00f3n del territorio y la expiraci\u00f3n del contrato este verano. - Teamsters Local 853\",\"isPartOf\":{\"@id\":\"https:\\\/\\\/teamsters853.org\\\/#website\"},\"primaryImageOfPage\":{\"@id\":\"https:\\\/\\\/teamsters853.org\\\/es\\\/los-delegados-de-teamsters-853-en-coca-cola-tienen-la-sarten-por-el-mango-con-la-reestructuracion-del-territorio-y-la-expiracion-del-contrato-este-verano\\\/#primaryimage\"},\"image\":{\"@id\":\"https:\\\/\\\/teamsters853.org\\\/es\\\/los-delegados-de-teamsters-853-en-coca-cola-tienen-la-sarten-por-el-mango-con-la-reestructuracion-del-territorio-y-la-expiracion-del-contrato-este-verano\\\/#primaryimage\"},\"thumbnailUrl\":\"https:\\\/\\\/teamsters853.org\\\/wp-content\\\/uploads\\\/2024\\\/02\\\/Coca-Cola-Teamsters-853.jpg\",\"datePublished\":\"2024-02-03T20:47:38+00:00\",\"dateModified\":\"2024-02-05T18:05:50+00:00\",\"breadcrumb\":{\"@id\":\"https:\\\/\\\/teamsters853.org\\\/es\\\/los-delegados-de-teamsters-853-en-coca-cola-tienen-la-sarten-por-el-mango-con-la-reestructuracion-del-territorio-y-la-expiracion-del-contrato-este-verano\\\/#breadcrumb\"},\"inLanguage\":\"es\",\"potentialAction\":[{\"@type\":\"ReadAction\",\"target\":[\"https:\\\/\\\/teamsters853.org\\\/es\\\/los-delegados-de-teamsters-853-en-coca-cola-tienen-la-sarten-por-el-mango-con-la-reestructuracion-del-territorio-y-la-expiracion-del-contrato-este-verano\\\/\"]}]},{\"@type\":\"ImageObject\",\"inLanguage\":\"es\",\"@id\":\"https:\\\/\\\/teamsters853.org\\\/es\\\/los-delegados-de-teamsters-853-en-coca-cola-tienen-la-sarten-por-el-mango-con-la-reestructuracion-del-territorio-y-la-expiracion-del-contrato-este-verano\\\/#primaryimage\",\"url\":\"https:\\\/\\\/teamsters853.org\\\/wp-content\\\/uploads\\\/2024\\\/02\\\/Coca-Cola-Teamsters-853.jpg\",\"contentUrl\":\"https:\\\/\\\/teamsters853.org\\\/wp-content\\\/uploads\\\/2024\\\/02\\\/Coca-Cola-Teamsters-853.jpg\",\"width\":792,\"height\":442},{\"@type\":\"BreadcrumbList\",\"@id\":\"https:\\\/\\\/teamsters853.org\\\/es\\\/los-delegados-de-teamsters-853-en-coca-cola-tienen-la-sarten-por-el-mango-con-la-reestructuracion-del-territorio-y-la-expiracion-del-contrato-este-verano\\\/#breadcrumb\",\"itemListElement\":[{\"@type\":\"ListItem\",\"position\":1,\"name\":\"Home\",\"item\":\"https:\\\/\\\/teamsters853.org\\\/es\\\/\"},{\"@type\":\"ListItem\",\"position\":2,\"name\":\"Los delegados de Teamsters 853 en Coca-Cola tienen la sart\u00e9n por el mango con la reestructuraci\u00f3n del territorio y la expiraci\u00f3n del contrato este verano.\"}]},{\"@type\":\"WebSite\",\"@id\":\"https:\\\/\\\/teamsters853.org\\\/#website\",\"url\":\"https:\\\/\\\/teamsters853.org\\\/\",\"name\":\"Teamsters Local Union 853\",\"description\":\"WHERE AND WHEN:\",\"publisher\":{\"@id\":\"https:\\\/\\\/teamsters853.org\\\/#organization\"},\"potentialAction\":[{\"@type\":\"SearchAction\",\"target\":{\"@type\":\"EntryPoint\",\"urlTemplate\":\"https:\\\/\\\/teamsters853.org\\\/?s={search_term_string}\"},\"query-input\":{\"@type\":\"PropertyValueSpecification\",\"valueRequired\":true,\"valueName\":\"search_term_string\"}}],\"inLanguage\":\"es\"},{\"@type\":\"Organization\",\"@id\":\"https:\\\/\\\/teamsters853.org\\\/#organization\",\"name\":\"Teamsters Local Union 853\",\"url\":\"https:\\\/\\\/teamsters853.org\\\/\",\"logo\":{\"@type\":\"ImageObject\",\"inLanguage\":\"es\",\"@id\":\"https:\\\/\\\/teamsters853.org\\\/#\\\/schema\\\/logo\\\/image\\\/\",\"url\":\"https:\\\/\\\/teamsters853.org\\\/wp-content\\\/uploads\\\/2023\\\/01\\\/cropped-Teamsters-Local-853-Logo.png\",\"contentUrl\":\"https:\\\/\\\/teamsters853.org\\\/wp-content\\\/uploads\\\/2023\\\/01\\\/cropped-Teamsters-Local-853-Logo.png\",\"width\":600,\"height\":747,\"caption\":\"Teamsters Local Union 853\"},\"image\":{\"@id\":\"https:\\\/\\\/teamsters853.org\\\/#\\\/schema\\\/logo\\\/image\\\/\"},\"sameAs\":[\"https:\\\/\\\/www.facebook.com\\\/team853\\\/\"]},{\"@type\":\"Person\",\"@id\":\"https:\\\/\\\/teamsters853.org\\\/#\\\/schema\\\/person\\\/3b6e01d2ae58202a553b71d9acc88016\",\"name\":\"Brian Fisher\",\"image\":{\"@type\":\"ImageObject\",\"inLanguage\":\"es\",\"@id\":\"https:\\\/\\\/secure.gravatar.com\\\/avatar\\\/70d0dc4514ec9d7810772c87fd3bdf5df114addedf544a4ca1fdcc74fb8afae0?s=96&d=mm&r=g\",\"url\":\"https:\\\/\\\/secure.gravatar.com\\\/avatar\\\/70d0dc4514ec9d7810772c87fd3bdf5df114addedf544a4ca1fdcc74fb8afae0?s=96&d=mm&r=g\",\"contentUrl\":\"https:\\\/\\\/secure.gravatar.com\\\/avatar\\\/70d0dc4514ec9d7810772c87fd3bdf5df114addedf544a4ca1fdcc74fb8afae0?s=96&d=mm&r=g\",\"caption\":\"Brian Fisher\"},\"url\":\"https:\\\/\\\/teamsters853.org\\\/es\\\/author\\\/brianqualitasflashdrives-com\\\/\"}]}<\/script>\n<!-- \/ Yoast SEO plugin. -->","yoast_head_json":{"title":"Los delegados de Teamsters 853 en Coca-Cola tienen la sart\u00e9n por el mango con la reestructuraci\u00f3n del territorio y la expiraci\u00f3n del contrato este verano. - Teamsters Local 853","robots":{"index":"index","follow":"follow","max-snippet":"max-snippet:-1","max-image-preview":"max-image-preview:large","max-video-preview":"max-video-preview:-1"},"canonical":"https:\/\/teamsters853.org\/es\/los-delegados-de-teamsters-853-en-coca-cola-tienen-la-sarten-por-el-mango-con-la-reestructuracion-del-territorio-y-la-expiracion-del-contrato-este-verano\/","og_locale":"es_ES","og_type":"article","og_title":"Los delegados de Teamsters 853 en Coca-Cola tienen la sart\u00e9n por el mango con la reestructuraci\u00f3n del territorio y la expiraci\u00f3n del contrato este verano. - Teamsters Local 853","og_description":"Los delegados de Coca-Cola Jerry Trujillo y Jason Aguilar se sientan con miembros de los sindicatos 315 y 70 de Teamsters, junto con miembros de la direcci\u00f3n de la empresa, para discutir la reestructuraci\u00f3n de los territorios. Para colmo, esta reestructuraci\u00f3n se produce apenas unos meses antes de que expire el contrato de Coca-Cola para [&hellip;]","og_url":"https:\/\/teamsters853.org\/es\/los-delegados-de-teamsters-853-en-coca-cola-tienen-la-sarten-por-el-mango-con-la-reestructuracion-del-territorio-y-la-expiracion-del-contrato-este-verano\/","og_site_name":"Teamsters Local 853","article_publisher":"https:\/\/www.facebook.com\/team853\/","article_published_time":"2024-02-03T20:47:38+00:00","article_modified_time":"2024-02-05T18:05:50+00:00","og_image":[{"width":792,"height":442,"url":"https:\/\/teamsters853.org\/wp-content\/uploads\/2024\/02\/Coca-Cola-Teamsters-853.jpg","type":"image\/jpeg"}],"author":"Brian Fisher","twitter_card":"summary_large_image","twitter_misc":{"Escrito por":"Brian Fisher","Tiempo de lectura":"1 minuto"},"schema":{"@context":"https:\/\/schema.org","@graph":[{"@type":"Article","@id":"https:\/\/teamsters853.org\/es\/los-delegados-de-teamsters-853-en-coca-cola-tienen-la-sarten-por-el-mango-con-la-reestructuracion-del-territorio-y-la-expiracion-del-contrato-este-verano\/#article","isPartOf":{"@id":"https:\/\/teamsters853.org\/es\/los-delegados-de-teamsters-853-en-coca-cola-tienen-la-sarten-por-el-mango-con-la-reestructuracion-del-territorio-y-la-expiracion-del-contrato-este-verano\/"},"author":{"name":"Brian Fisher","@id":"https:\/\/teamsters853.org\/#\/schema\/person\/3b6e01d2ae58202a553b71d9acc88016"},"headline":"Los delegados de Teamsters 853 en Coca-Cola tienen la sart\u00e9n por el mango con la reestructuraci\u00f3n del territorio y la expiraci\u00f3n del contrato este verano.","datePublished":"2024-02-03T20:47:38+00:00","dateModified":"2024-02-05T18:05:50+00:00","mainEntityOfPage":{"@id":"https:\/\/teamsters853.org\/es\/los-delegados-de-teamsters-853-en-coca-cola-tienen-la-sarten-por-el-mango-con-la-reestructuracion-del-territorio-y-la-expiracion-del-contrato-este-verano\/"},"wordCount":163,"publisher":{"@id":"https:\/\/teamsters853.org\/#organization"},"image":{"@id":"https:\/\/teamsters853.org\/es\/los-delegados-de-teamsters-853-en-coca-cola-tienen-la-sarten-por-el-mango-con-la-reestructuracion-del-territorio-y-la-expiracion-del-contrato-este-verano\/#primaryimage"},"thumbnailUrl":"https:\/\/teamsters853.org\/wp-content\/uploads\/2024\/02\/Coca-Cola-Teamsters-853.jpg","articleSection":["Contratos"],"inLanguage":"es"},{"@type":"WebPage","@id":"https:\/\/teamsters853.org\/es\/los-delegados-de-teamsters-853-en-coca-cola-tienen-la-sarten-por-el-mango-con-la-reestructuracion-del-territorio-y-la-expiracion-del-contrato-este-verano\/","url":"https:\/\/teamsters853.org\/es\/los-delegados-de-teamsters-853-en-coca-cola-tienen-la-sarten-por-el-mango-con-la-reestructuracion-del-territorio-y-la-expiracion-del-contrato-este-verano\/","name":"Los delegados de Teamsters 853 en Coca-Cola tienen la sart\u00e9n por el mango con la reestructuraci\u00f3n del territorio y la expiraci\u00f3n del contrato este verano. - Teamsters Local 853","isPartOf":{"@id":"https:\/\/teamsters853.org\/#website"},"primaryImageOfPage":{"@id":"https:\/\/teamsters853.org\/es\/los-delegados-de-teamsters-853-en-coca-cola-tienen-la-sarten-por-el-mango-con-la-reestructuracion-del-territorio-y-la-expiracion-del-contrato-este-verano\/#primaryimage"},"image":{"@id":"https:\/\/teamsters853.org\/es\/los-delegados-de-teamsters-853-en-coca-cola-tienen-la-sarten-por-el-mango-con-la-reestructuracion-del-territorio-y-la-expiracion-del-contrato-este-verano\/#primaryimage"},"thumbnailUrl":"https:\/\/teamsters853.org\/wp-content\/uploads\/2024\/02\/Coca-Cola-Teamsters-853.jpg","datePublished":"2024-02-03T20:47:38+00:00","dateModified":"2024-02-05T18:05:50+00:00","breadcrumb":{"@id":"https:\/\/teamsters853.org\/es\/los-delegados-de-teamsters-853-en-coca-cola-tienen-la-sarten-por-el-mango-con-la-reestructuracion-del-territorio-y-la-expiracion-del-contrato-este-verano\/#breadcrumb"},"inLanguage":"es","potentialAction":[{"@type":"ReadAction","target":["https:\/\/teamsters853.org\/es\/los-delegados-de-teamsters-853-en-coca-cola-tienen-la-sarten-por-el-mango-con-la-reestructuracion-del-territorio-y-la-expiracion-del-contrato-este-verano\/"]}]},{"@type":"ImageObject","inLanguage":"es","@id":"https:\/\/teamsters853.org\/es\/los-delegados-de-teamsters-853-en-coca-cola-tienen-la-sarten-por-el-mango-con-la-reestructuracion-del-territorio-y-la-expiracion-del-contrato-este-verano\/#primaryimage","url":"https:\/\/teamsters853.org\/wp-content\/uploads\/2024\/02\/Coca-Cola-Teamsters-853.jpg","contentUrl":"https:\/\/teamsters853.org\/wp-content\/uploads\/2024\/02\/Coca-Cola-Teamsters-853.jpg","width":792,"height":442},{"@type":"BreadcrumbList","@id":"https:\/\/teamsters853.org\/es\/los-delegados-de-teamsters-853-en-coca-cola-tienen-la-sarten-por-el-mango-con-la-reestructuracion-del-territorio-y-la-expiracion-del-contrato-este-verano\/#breadcrumb","itemListElement":[{"@type":"ListItem","position":1,"name":"Home","item":"https:\/\/teamsters853.org\/es\/"},{"@type":"ListItem","position":2,"name":"Los delegados de Teamsters 853 en Coca-Cola tienen la sart\u00e9n por el mango con la reestructuraci\u00f3n del territorio y la expiraci\u00f3n del contrato este verano."}]},{"@type":"WebSite","@id":"https:\/\/teamsters853.org\/#website","url":"https:\/\/teamsters853.org\/","name":"Teamsters Local Union 853","description":"WHERE AND WHEN:","publisher":{"@id":"https:\/\/teamsters853.org\/#organization"},"potentialAction":[{"@type":"SearchAction","target":{"@type":"EntryPoint","urlTemplate":"https:\/\/teamsters853.org\/?s={search_term_string}"},"query-input":{"@type":"PropertyValueSpecification","valueRequired":true,"valueName":"search_term_string"}}],"inLanguage":"es"},{"@type":"Organization","@id":"https:\/\/teamsters853.org\/#organization","name":"Teamsters Local Union 853","url":"https:\/\/teamsters853.org\/","logo":{"@type":"ImageObject","inLanguage":"es","@id":"https:\/\/teamsters853.org\/#\/schema\/logo\/image\/","url":"https:\/\/teamsters853.org\/wp-content\/uploads\/2023\/01\/cropped-Teamsters-Local-853-Logo.png","contentUrl":"https:\/\/teamsters853.org\/wp-content\/uploads\/2023\/01\/cropped-Teamsters-Local-853-Logo.png","width":600,"height":747,"caption":"Teamsters Local Union 853"},"image":{"@id":"https:\/\/teamsters853.org\/#\/schema\/logo\/image\/"},"sameAs":["https:\/\/www.facebook.com\/team853\/"]},{"@type":"Person","@id":"https:\/\/teamsters853.org\/#\/schema\/person\/3b6e01d2ae58202a553b71d9acc88016","name":"Brian Fisher","image":{"@type":"ImageObject","inLanguage":"es","@id":"https:\/\/secure.gravatar.com\/avatar\/70d0dc4514ec9d7810772c87fd3bdf5df114addedf544a4ca1fdcc74fb8afae0?s=96&d=mm&r=g","url":"https:\/\/secure.gravatar.com\/avatar\/70d0dc4514ec9d7810772c87fd3bdf5df114addedf544a4ca1fdcc74fb8afae0?s=96&d=mm&r=g","contentUrl":"https:\/\/secure.gravatar.com\/avatar\/70d0dc4514ec9d7810772c87fd3bdf5df114addedf544a4ca1fdcc74fb8afae0?s=96&d=mm&r=g","caption":"Brian Fisher"},"url":"https:\/\/teamsters853.org\/es\/author\/brianqualitasflashdrives-com\/"}]}},"_links":{"self":[{"href":"https:\/\/teamsters853.org\/es\/wp-json\/wp\/v2\/posts\/8369","targetHints":{"allow":["GET"]}}],"collection":[{"href":"https:\/\/teamsters853.org\/es\/wp-json\/wp\/v2\/posts"}],"about":[{"href":"https:\/\/teamsters853.org\/es\/wp-json\/wp\/v2\/types\/post"}],"author":[{"embeddable":true,"href":"https:\/\/teamsters853.org\/es\/wp-json\/wp\/v2\/users\/2"}],"replies":[{"embeddable":true,"href":"https:\/\/teamsters853.org\/es\/wp-json\/wp\/v2\/comments?post=8369"}],"version-history":[{"count":3,"href":"https:\/\/teamsters853.org\/es\/wp-json\/wp\/v2\/posts\/8369\/revisions"}],"predecessor-version":[{"id":8372,"href":"https:\/\/teamsters853.org\/es\/wp-json\/wp\/v2\/posts\/8369\/revisions\/8372"}],"wp:featuredmedia":[{"embeddable":true,"href":"https:\/\/teamsters853.org\/es\/wp-json\/wp\/v2\/media\/8363"}],"wp:attachment":[{"href":"https:\/\/teamsters853.org\/es\/wp-json\/wp\/v2\/media?parent=8369"}],"wp:term":[{"taxonomy":"category","embeddable":true,"href":"https:\/\/teamsters853.org\/es\/wp-json\/wp\/v2\/categories?post=8369"},{"taxonomy":"post_tag","embeddable":true,"href":"https:\/\/teamsters853.org\/es\/wp-json\/wp\/v2\/tags?post=8369"}],"curies":[{"name":"wp","href":"https:\/\/api.w.org\/{rel}","templated":true}]}}